{"id":3468,"date":"2026-04-21T17:27:29","date_gmt":"2026-04-21T20:27:29","guid":{"rendered":"https:\/\/vcm.ulagos.cl\/extension\/?p=3468"},"modified":"2026-04-21T17:27:29","modified_gmt":"2026-04-21T20:27:29","slug":"ensamble-ulagos-inauguro-la-temporada-de-conciertos-2026","status":"publish","type":"post","link":"https:\/\/vcm.ulagos.cl\/extension\/ensamble-ulagos-inauguro-la-temporada-de-conciertos-2026\/","title":{"rendered":"Ensamble ULagos inaugur\u00f3 la temporada de conciertos 2026"},"content":{"rendered":"<p><em>Con las partituras de la colecci\u00f3n \u201cColegio San Francisco Javier\u201d y la \u201cSuite Weicha Pill\u00e1n\u201d, el Ensamble ULagos, inici\u00f3 el ciclo de conciertos de este 2026 en la capital regional.<\/em><\/p>\n<p>&nbsp;<\/p>\n<p>El Ensamble ULagos, perteneciente a la carrera de Pedagog\u00eda en M\u00fasica, dio inicio al ciclo de conciertos de este a\u00f1o con un concierto que incluy\u00f3 partituras resguardadas en el Archivo Musical de la Universidad de Los Lagos y, en segunda parte, la Suite Weicha Pill\u00e1n del compositor docente Franco Mill\u00e1n Rutte.<\/p>\n<p>Esta primera presentaci\u00f3n se realiz\u00f3 en el Teatro Diego Rivera en Puerto Montt, y fue dirigida por el acad\u00e9mico<strong> Jorge Pacheco, director del Ensamble ULagos<\/strong>. \u201c<em>En este concierto se present\u00f3 a la comunidad el trabajo de distintos acad\u00e9micos y docentes de la carrera de Pedagog\u00eda en M\u00fasica. Primero, se interpretaron obras que han sido recuperadas, clasificadas y editadas por el Archivo Musical de la Universidad de Los Lagos, que est\u00e1 a cargo del profesor Javier Silva, lo que signific\u00f3 un largo proceso de investigaci\u00f3n. En segundo lugar, se interpret\u00f3 una obra del compositor docente Franco Mill\u00e1n, dando as\u00ed espacio y relevancia a la creaci\u00f3n de las y los profesores de la carrera, lo que repercute significativamente en el estudiantado a trav\u00e9s de experiencias reales de creaci\u00f3n musical<\/em>\u201d, se\u00f1al\u00f3 el acad\u00e9mico.<\/p>\n<p>Adem\u00e1s, el acad\u00e9mico a\u00f1adi\u00f3: \u201c<em>si bien este concierto es la culminaci\u00f3n de un trabajo a largo plazo, la sensaci\u00f3n general es que tenemos a\u00fan mucho por hacer. Nuestro anhelo es seguir creciendo y desarroll\u00e1ndonos en todos los \u00e1mbitos de nuestro quehacer, con el prop\u00f3sito de ser una agrupaci\u00f3n de m\u00fasica de c\u00e1mara de excelencia, que entregue a las y los docentes la posibilidad de interpretar m\u00fasica al m\u00e1s alto nivel, a nuestros creadores la posibilidad de estrenar nueva m\u00fasica desde el sur de Chile y a nuestros investigadores escuchar el resultado de sus trabajos<\/em>\u201d.<\/p>\n<p><a class=\"linkimagen\" href=\"https:\/\/vcm.ulagos.cl\/extension\/wp-content\/uploads\/2026\/04\/ensamble3-scaled-1.jpg\" data-lity=\"\" data-title=\"\"><img decoding=\"async\" class=\"img-responsive\" style=\"width: 100%; height: auto;\" src=\"https:\/\/vcm.ulagos.cl\/extension\/wp-content\/uploads\/2026\/04\/ensamble3-scaled-1.jpg\" alt=\"none\" \/> <\/a><\/p>\n<p><a class=\"linkimagen\" href=\"https:\/\/vcm.ulagos.cl\/extension\/wp-content\/uploads\/2026\/04\/ensamble2-scaled-1.jpg\" data-lity=\"\" data-title=\"\"><img decoding=\"async\" class=\"img-responsive\" style=\"width: 100%; height: auto;\" src=\"https:\/\/vcm.ulagos.cl\/extension\/wp-content\/uploads\/2026\/04\/ensamble2-scaled-1.jpg\" alt=\"none\" \/> <\/a><\/p>\n<p><a class=\"linkimagen\" href=\"https:\/\/vcm.ulagos.cl\/extension\/wp-content\/uploads\/2026\/04\/ensamble1-scaled-1.jpg\" data-lity=\"\" data-title=\"\"><img decoding=\"async\" class=\"img-responsive\" style=\"width: 100%; height: auto;\" src=\"https:\/\/vcm.ulagos.cl\/extension\/wp-content\/uploads\/2026\/04\/ensamble1-scaled-1.jpg\" alt=\"none\" \/><\/a><\/p>\n<p>Publicado por: Paulina Cardenas<\/p>\n","protected":false},"excerpt":{"rendered":"<p>Con las partituras de la colecci\u00f3n \u201cColegio San Francisco Javier\u201d y la \u201cSuite Weicha Pill\u00e1n\u201d, el Ensamble ULagos, inici\u00f3 el ciclo de conciertos de este 2026 en la capital regional. &nbsp; El Ensamble ULagos, perteneciente a la carrera de Pedagog\u00eda en M\u00fasica, dio inicio al ciclo de conciertos de este a\u00f1o con un concierto que [&hellip;]<\/p>\n","protected":false},"author":2,"featured_media":3472,"comment_status":"closed","ping_status":"closed","sticky":false,"template":"","format":"standard","meta":{"footnotes":""},"categories":[13],"tags":[151],"class_list":["post-3468","post","type-post","status-publish","format-standard","has-post-thumbnail","hentry","category-campus-puerto-montt","tag-ensamble-ulagos-ulagos-es-mas-vinculacion-vcm-vinculacion-con-el-medio","destcado-home"],"_links":{"self":[{"href":"https:\/\/vcm.ulagos.cl\/extension\/wp-json\/wp\/v2\/posts\/3468","targetHints":{"allow":["GET"]}}],"collection":[{"href":"https:\/\/vcm.ulagos.cl\/extension\/wp-json\/wp\/v2\/posts"}],"about":[{"href":"https:\/\/vcm.ulagos.cl\/extension\/wp-json\/wp\/v2\/types\/post"}],"author":[{"embeddable":true,"href":"https:\/\/vcm.ulagos.cl\/extension\/wp-json\/wp\/v2\/users\/2"}],"replies":[{"embeddable":true,"href":"https:\/\/vcm.ulagos.cl\/extension\/wp-json\/wp\/v2\/comments?post=3468"}],"version-history":[{"count":1,"href":"https:\/\/vcm.ulagos.cl\/extension\/wp-json\/wp\/v2\/posts\/3468\/revisions"}],"predecessor-version":[{"id":3473,"href":"https:\/\/vcm.ulagos.cl\/extension\/wp-json\/wp\/v2\/posts\/3468\/revisions\/3473"}],"wp:featuredmedia":[{"embeddable":true,"href":"https:\/\/vcm.ulagos.cl\/extension\/wp-json\/wp\/v2\/media\/3472"}],"wp:attachment":[{"href":"https:\/\/vcm.ulagos.cl\/extension\/wp-json\/wp\/v2\/media?parent=3468"}],"wp:term":[{"taxonomy":"category","embeddable":true,"href":"https:\/\/vcm.ulagos.cl\/extension\/wp-json\/wp\/v2\/categories?post=3468"},{"taxonomy":"post_tag","embeddable":true,"href":"https:\/\/vcm.ulagos.cl\/extension\/wp-json\/wp\/v2\/tags?post=3468"}],"curies":[{"name":"wp","href":"https:\/\/api.w.org\/{rel}","templated":true}]}}