{"id":3474,"date":"2026-04-21T17:34:24","date_gmt":"2026-04-21T20:34:24","guid":{"rendered":"https:\/\/vcm.ulagos.cl\/extension\/?p=3474"},"modified":"2026-04-21T17:34:24","modified_gmt":"2026-04-21T20:34:24","slug":"docentes-de-pedagogia-en-artes-visuales-inauguraron-exposicion-en-puerto-varas","status":"publish","type":"post","link":"https:\/\/vcm.ulagos.cl\/extension\/docentes-de-pedagogia-en-artes-visuales-inauguraron-exposicion-en-puerto-varas\/","title":{"rendered":"Docentes de Pedagog\u00eda en Artes Visuales inauguraron exposici\u00f3n en Puerto Varas"},"content":{"rendered":"<p><em>\u201cOtrae; no soy yo, eres t\u00fa\u201d es la exposici\u00f3n que el grupo docente de la carrera de Pedagog\u00eda en Artes Visuales, inaugur\u00f3 en el centro cultural Bosque Nativo en Puerto Varas.<\/em><\/p>\n<p>&nbsp;<\/p>\n<p>Con diversos materiales y t\u00e9cnicas como el gofrado sobre papel, pintura, dibujo, fotograf\u00edas intervenidas, pr\u00e1cticas mixtas y escultura en madera, vidrio, papel e hilo, los acad\u00e9micos, Liz Albany, Carlos Ulloa, Diego G\u00e1lvez, Danissa Pe\u00f1a, Constanza Valderrama, Jorge Ferrada, Claudio Acu\u00f1a, Orlando Vidal, Alonso Escobar y Luz Mart\u00ednez, bajo la curator\u00eda de Juan Alegr\u00eda, \u00a0buscan dar a conocer el \u00e9xodo del yo. Mostrar lo que se ignora, lo que colectivamente se abandona y visualizar lo invisible.<\/p>\n<p>\u201c<em>En este ejercicio colectivo, el vestigio personal queda relegado a su m\u00ednima expresi\u00f3n, si bien cada uno y cada una, inicia el recorrido propositivo desde su propia mirada, nuestro modelo objetivo es lo que est\u00e1 all\u00e1, fuera de lo nuestro, lo que nunca vemos, lo que ignoramos. Aquello que colectivamente abandonamos, es un esfuerzo de visualizar lo invisible, de develar lo oculto del sistema asumido por el ilusorio colectivo social. Esta muestra no es sobre la identidad, sino sobre la alteridad absoluta. Las obras aqu\u00ed reunidas no pretenden ser comprendidas, sino encontradas. Siguiendo la premisa de Levinas, nos enfrentamos a una est\u00e9tica que renuncia a la dominaci\u00f3n para dar paso a la responsabilidad<\/em>\u201d, se\u00f1alaron Carlos Ulloa, curador de la obra, adem\u00e1s de otros docentes que son parte de la exposici\u00f3n.<\/p>\n<p>\u201cOtrae; no soy yo, eres t\u00fa\u201d, estar\u00e1 hasta el pr\u00f3ximo s\u00e1bado 2 de mayo en el centro cultural Bosque Nativo, ubicado en Vicente P\u00e9rez Rosales 1309 Puerto Varas y el horario de atenci\u00f3n es de martes a viernes de 10 a 14 horas y de 15 a 18:30 horas y los s\u00e1bados de 10.30 a 14.00 horas.<\/p>\n<p><a class=\"linkimagen\" href=\"https:\/\/vcm.ulagos.cl\/extension\/wp-content\/uploads\/2026\/04\/expoprofes7-scaled-1.jpg\" data-lity=\"\" data-title=\"\"><img decoding=\"async\" class=\"img-responsive\" style=\"width: 100%; height: auto;\" src=\"https:\/\/vcm.ulagos.cl\/extension\/wp-content\/uploads\/2026\/04\/expoprofes7-scaled-1.jpg\" alt=\"none\" \/> <\/a><\/p>\n<p><a class=\"linkimagen\" href=\"https:\/\/vcm.ulagos.cl\/extension\/wp-content\/uploads\/2026\/04\/expoprofes6-scaled-1.jpg\" data-lity=\"\" data-title=\"\"><img decoding=\"async\" class=\"img-responsive\" style=\"width: 100%; height: auto;\" src=\"https:\/\/vcm.ulagos.cl\/extension\/wp-content\/uploads\/2026\/04\/expoprofes6-scaled-1.jpg\" alt=\"none\" \/><\/a><\/p>\n<p><a class=\"linkimagen\" href=\"https:\/\/vcm.ulagos.cl\/extension\/wp-content\/uploads\/2026\/04\/expoprofes5-scaled-1.jpg\" data-lity=\"\" data-title=\"\"><img decoding=\"async\" class=\"img-responsive\" style=\"width: 100%; height: auto;\" src=\"https:\/\/vcm.ulagos.cl\/extension\/wp-content\/uploads\/2026\/04\/expoprofes5-scaled-1.jpg\" alt=\"none\" \/><\/a><\/p>\n<p><a class=\"linkimagen\" href=\"https:\/\/vcm.ulagos.cl\/extension\/wp-content\/uploads\/2026\/04\/expoprofes3-scaled-1.jpg\" data-lity=\"\" data-title=\"\"><img decoding=\"async\" class=\"img-responsive\" style=\"width: 100%; height: auto;\" src=\"https:\/\/vcm.ulagos.cl\/extension\/wp-content\/uploads\/2026\/04\/expoprofes3-scaled-1.jpg\" alt=\"none\" \/><\/a><\/p>\n<p>Publicado por: Paulina Cardenas<\/p>\n","protected":false},"excerpt":{"rendered":"<p>\u201cOtrae; no soy yo, eres t\u00fa\u201d es la exposici\u00f3n que el grupo docente de la carrera de Pedagog\u00eda en Artes Visuales, inaugur\u00f3 en el centro cultural Bosque Nativo en Puerto Varas. &nbsp; Con diversos materiales y t\u00e9cnicas como el gofrado sobre papel, pintura, dibujo, fotograf\u00edas intervenidas, pr\u00e1cticas mixtas y escultura en madera, vidrio, papel e [&hellip;]<\/p>\n","protected":false},"author":2,"featured_media":3479,"comment_status":"closed","ping_status":"closed","sticky":false,"template":"","format":"standard","meta":{"footnotes":""},"categories":[13],"tags":[],"class_list":["post-3474","post","type-post","status-publish","format-standard","has-post-thumbnail","hentry","category-campus-puerto-montt","destcado-home"],"_links":{"self":[{"href":"https:\/\/vcm.ulagos.cl\/extension\/wp-json\/wp\/v2\/posts\/3474","targetHints":{"allow":["GET"]}}],"collection":[{"href":"https:\/\/vcm.ulagos.cl\/extension\/wp-json\/wp\/v2\/posts"}],"about":[{"href":"https:\/\/vcm.ulagos.cl\/extension\/wp-json\/wp\/v2\/types\/post"}],"author":[{"embeddable":true,"href":"https:\/\/vcm.ulagos.cl\/extension\/wp-json\/wp\/v2\/users\/2"}],"replies":[{"embeddable":true,"href":"https:\/\/vcm.ulagos.cl\/extension\/wp-json\/wp\/v2\/comments?post=3474"}],"version-history":[{"count":1,"href":"https:\/\/vcm.ulagos.cl\/extension\/wp-json\/wp\/v2\/posts\/3474\/revisions"}],"predecessor-version":[{"id":3480,"href":"https:\/\/vcm.ulagos.cl\/extension\/wp-json\/wp\/v2\/posts\/3474\/revisions\/3480"}],"wp:featuredmedia":[{"embeddable":true,"href":"https:\/\/vcm.ulagos.cl\/extension\/wp-json\/wp\/v2\/media\/3479"}],"wp:attachment":[{"href":"https:\/\/vcm.ulagos.cl\/extension\/wp-json\/wp\/v2\/media?parent=3474"}],"wp:term":[{"taxonomy":"category","embeddable":true,"href":"https:\/\/vcm.ulagos.cl\/extension\/wp-json\/wp\/v2\/categories?post=3474"},{"taxonomy":"post_tag","embeddable":true,"href":"https:\/\/vcm.ulagos.cl\/extension\/wp-json\/wp\/v2\/tags?post=3474"}],"curies":[{"name":"wp","href":"https:\/\/api.w.org\/{rel}","templated":true}]}}